{"id":5030,"date":"2025-11-07T15:30:12","date_gmt":"2025-11-07T15:30:12","guid":{"rendered":"https:\/\/pzzzsk.rs\/nacrt-separata-zastite-vojvodanske-ulice-u-somboru\/"},"modified":"2025-11-24T16:32:17","modified_gmt":"2025-11-24T16:32:17","slug":"nacrt-separata-zastite-vojvodanske-ulice-u-somboru","status":"publish","type":"post","link":"https:\/\/pzzzsk.rs\/sr-latn\/nacrt-separata-zastite-vojvodanske-ulice-u-somboru\/","title":{"rendered":"Nacrt Separata za\u0161tite Vojvo\u0111anske ulice u Somboru"},"content":{"rendered":"<p>*VA\u017dNO : Uzimaju\u0107i u obzir slo\u017eenost teme, predvi\u0111eni rok za davanje mi\u0161ljena na nacrt Separata za\u0161tite evidentiranog dobra pod prethodnom za\u0161titom \u2013 kulturno istorijske celine \u201eVojvo\u0111anska ulica u Somboru\u201c se produ\u017eava do 21. novembra 2025.  godine.<br \/>\n<\/br><br \/>\n<\/br><br \/>\nPo\u0161tovani,<br \/>\n<\/br><br \/>\n<\/br><br \/>\nObave\u0161tavamo vas da je izra\u0111en nacrt Separata za\u0161tite evidentiranog dobra pod prethodnom<br \/>\n za\u0161titom &#8211; kulturno istorijske celine \u201eVojvo\u0111anska ulica u Somboru\u201c. Nacrt Separata obuhvata<br \/>\n za\u0161ti\u0107eno podru\u010dje evidentiranog dobra pod prethodnom za\u0161titom &#8211; kulturno istorijske<br \/>\n celine \u201eVojvo\u0111anska ulica u Somboru&#8221;.<br \/>\n<\/br><br \/>\n<\/br><br \/>\nDana 3.03.2025.godine Pokrajinski zavod za za\u0161titu spomenika kulture Petrovaradin, na osnovu <x id=\"gid_0\"><\/x> \u010dlana 34. Zakona o kulturnom nasle\u0111u (\u201eSl.glasnik RS\u201c, br.129\/2021), izvr\u0161io je evidenciju <x id=\"gid_1\"><\/x> nepokretnosti u okviru Prostorne kulturno-istorijske celine \u201eVojvo\u0111anska ulica u Somboru\u201c, <x id=\"gid_2\"><\/x> koje u\u017eivaju prethodnu za\u0161titu &#8211; Evidencioni list broj E-7\/P-2025. Dana 07.03.2025.godine<br \/>\n izvr\u0161eno je i javno ogla\u0161avanje u sredstvima javnog informisanje na teritoriji Grada Sombora<br \/>\nod kada ova evidentirana prostorna kulturno-istorijska celina u\u017eiva prethodnu za\u0161titu<br \/>\n Zakona o kulturnom nasle\u0111u (\u201eSl.glasnik RS\u201c, br.129\/2021).<br \/>\n<\/br><br \/>\n<\/br><br \/>\n\u010clanom 2. stav 1 ta\u010dka 68) Zakona o planiranju i izgradnji (\u201eSlu\u017ebeni glasnik RS\u201c, broj 72\/2009, <x id=\"gid_0\"><\/x> 81\/2009 \u2014 ispr., 64\/2010 &#8211; odluka US, 24\/2011, 121\/2012, 42\/2013 &#8211; odluka US, 50\/2013 \u2014 odlika <x id=\"gid_1\"><\/x> US, 98\/2013 &#8211; odluka US, 132\/2014, 145\/2014, 83\/2018, 31\/2019, 37\/2019 \u2014 dr. zakon, 9\/2020,<br \/>\n 52\/2021 i 62\/2023) propisano je da je separat o tehni\u010dkim uslovima izgradnje (u daljem tekstu:<br \/>\n separat) dokument koji donosi imalac javnih ovla\u0161\u0107enja u okviru svoje nadle\u017enosti kad planski<br \/>\ndokument ne sadr\u017ei uslove, odnosno podatke za izradu tehni\u010dke dokumentacije, koji sadr\u017ei<br \/>\n odgovaraju\u0107e uslove i podatke za izradu tehni\u010dke dokumentacije. \u010clanom 31. stav 3 istog Zakona<br \/>\n propisano je da odluku o dono\u0161enju separata, donosi nadle\u017eni imalac javnih ovla\u0161\u0107enja, po<br \/>\n potrebi, na sopstvenu inicijativu, ili na inicijativu organa nadle\u017enog za izdavanje<br \/>\n gra\u0111evinske dozvole.<br \/>\n<\/br><br \/>\n<\/br><br \/>\n\u010clanom 4. stav 2. Pravilnika o sadr\u017eini, na\u010dinu, postupku i rokovima izrade i objavljivanja<br \/>\n separata (\u201eSlu\u017ebeni glasnik RS\u201c, broj 33\/2015) propisano je da se separatom naro\u010dito utvr\u0111uju<br \/>\n ograni\u010denja za izgradnju objekata, prema klasama objekata i delovima podru\u010dja za koje se donosi,<br \/>\n uklju\u010duju\u0107i zabrane i ograni\u010denja gradnje u zonama od posebnog interesa za za\u0161titu prirodnih i<br \/>\n kulturnih dobara.<br \/>\n<\/br><br \/>\n<\/br><br \/>\nKako va\u017ee\u0107a planska dokumentacija koja se odnosi na podru\u010dje evidentiranog dobra pod<br \/>\n prethodnom za\u0161titom ne obuhvata uslove za\u0161tite evidentiranih nepokretnosti, pojavila se<br \/>\n potreba za izradom Separata za\u0161tite evidentiranog dobra \u201eVojvo\u0111anska ulica u Somboru\u201c.<br \/>\nImaju\u0107i u vidu navedeno i citirane odredbe zakona, Pokrajinski zavod je izradio nacrt<br \/>\n Separata i isti \u0107e biti dostupan sedam dana na zvani\u010dnoj internet stranici Zavoda kako bi<br \/>\n zainteresovana lica dala svoje predloge za izmenu i sugestije.<br \/>\n<\/br><\/p>\n","protected":false},"excerpt":{"rendered":"<p>Obave\u0161tavamo vas da je izra\u0111en nacrt Separata za\u0161tite Vojvo\u0111anske ulice u Somboru. Bi\u0107e dostupan do *21. novembra na stranici &#8220;Dokumenta&#8221;, kako bi zainteresovana lica mogla da daju svoje predloge za izmenu.    <\/p>\n","protected":false},"author":2,"featured_media":5018,"comment_status":"closed","ping_status":"closed","sticky":false,"template":"","format":"standard","meta":{"_acf_changed":false,"inline_featured_image":false,"footnotes":""},"categories":[50],"tags":[],"class_list":["post-5030","post","type-post","status-publish","format-standard","has-post-thumbnail","hentry","category-konzervatorsko-restauratorski-radovi-sr-latn"],"acf":[],"_links":{"self":[{"href":"https:\/\/pzzzsk.rs\/sr-latn\/wp-json\/wp\/v2\/posts\/5030","targetHints":{"allow":["GET"]}}],"collection":[{"href":"https:\/\/pzzzsk.rs\/sr-latn\/wp-json\/wp\/v2\/posts"}],"about":[{"href":"https:\/\/pzzzsk.rs\/sr-latn\/wp-json\/wp\/v2\/types\/post"}],"author":[{"embeddable":true,"href":"https:\/\/pzzzsk.rs\/sr-latn\/wp-json\/wp\/v2\/users\/2"}],"replies":[{"embeddable":true,"href":"https:\/\/pzzzsk.rs\/sr-latn\/wp-json\/wp\/v2\/comments?post=5030"}],"version-history":[{"count":4,"href":"https:\/\/pzzzsk.rs\/sr-latn\/wp-json\/wp\/v2\/posts\/5030\/revisions"}],"predecessor-version":[{"id":5140,"href":"https:\/\/pzzzsk.rs\/sr-latn\/wp-json\/wp\/v2\/posts\/5030\/revisions\/5140"}],"wp:featuredmedia":[{"embeddable":true,"href":"https:\/\/pzzzsk.rs\/sr-latn\/wp-json\/wp\/v2\/media\/5018"}],"wp:attachment":[{"href":"https:\/\/pzzzsk.rs\/sr-latn\/wp-json\/wp\/v2\/media?parent=5030"}],"wp:term":[{"taxonomy":"category","embeddable":true,"href":"https:\/\/pzzzsk.rs\/sr-latn\/wp-json\/wp\/v2\/categories?post=5030"},{"taxonomy":"post_tag","embeddable":true,"href":"https:\/\/pzzzsk.rs\/sr-latn\/wp-json\/wp\/v2\/tags?post=5030"}],"curies":[{"name":"wp","href":"https:\/\/api.w.org\/{rel}","templated":true}]}}