{"id":4882,"date":"2025-10-28T17:39:59","date_gmt":"2025-10-28T17:39:59","guid":{"rendered":"https:\/\/pzzzsk.rs\/gala-vece-povodom-otvaranja-srpsko-madarske-sezone-kulture\/"},"modified":"2025-10-28T17:39:59","modified_gmt":"2025-10-28T17:39:59","slug":"gala-vece-povodom-otvaranja-srpsko-madarske-sezone-kulture","status":"publish","type":"post","link":"https:\/\/pzzzsk.rs\/sr-latn\/gala-vece-povodom-otvaranja-srpsko-madarske-sezone-kulture\/","title":{"rendered":"Gala ve\u010de povodom otvaranja Srpsko-ma\u0111arske sezone kulture"},"content":{"rendered":"<p>26. oktobra gala ve\u010de zvani\u010dno je otvorilo Ma\u0111arsko-srpsku kulturnu sezonu za 2025\u20132026. godinu, koja \u0107e tokom naredne godine obuhvatiti niz programa, izlo\u017ebi, koncerata i radionica. Cilj ove manifestacije uz niz doga\u0111aja je da se na dostojanstven na\u010din predstavi prijateljstvo izme\u0111u ova dva naroda, kao i da se skrene pa\u017enja na \u010dinjenicu da je kultura jedan od najja\u010dih mostova koji povezuju nacije. Slogan festivala \u201eDva naroda \u2013 jedan ritam\u201d, istovremeno izra\u017eava istorijsku saradnju i veru u zajedni\u010dku budu\u0107nost. Delegacija Pokrajinskog zavoda za za\u0161titu spomenika kulture i v.d.direktora dr Vladimir Kubet prisustvovali su ovoj sve\u010danosti.<br \/>\n<\/br><br \/>\n<\/br><br \/>\nIzvor : informativni portal \u201eVaro\u0161 RTV\u201c i Magyar Sz\u00f3 &#8211; Online<br \/>\n<\/br><br \/>\n<span class=\"photographer\">Fotografija : A.Oto\u0161, H.Bala\u017e i B.Hanko<\/span><br \/>\n<\/br><br \/>\n<img decoding=\"async\" class=\"alignnone size-full wp-image-4877\" src=\"https:\/\/pzzzsk.rs\/wp-content\/uploads\/2025\/10\/573329518_846015764615444_3000052301466107930_n.jpg\" alt=\"\" width=\"48%\" height=\"48%\" srcset=\"https:\/\/pzzzsk.rs\/wp-content\/uploads\/2025\/10\/573329518_846015764615444_3000052301466107930_n.jpg 1439w, https:\/\/pzzzsk.rs\/wp-content\/uploads\/2025\/10\/573329518_846015764615444_3000052301466107930_n-300x201.jpg 300w, https:\/\/pzzzsk.rs\/wp-content\/uploads\/2025\/10\/573329518_846015764615444_3000052301466107930_n-1024x687.jpg 1024w, https:\/\/pzzzsk.rs\/wp-content\/uploads\/2025\/10\/573329518_846015764615444_3000052301466107930_n-768x516.jpg 768w\" sizes=\"(max-width: 1439px) 100vw, 1439px\" \/><br \/>\n<img decoding=\"async\" class=\"alignnone size-full wp-image-4874\" src=\"https:\/\/pzzzsk.rs\/wp-content\/uploads\/2025\/10\/572004943_846015761282111_3864410002891131563_n.jpg\" alt=\"\" width=\"48%\" height=\"48%\" srcset=\"https:\/\/pzzzsk.rs\/wp-content\/uploads\/2025\/10\/572004943_846015761282111_3864410002891131563_n.jpg 1439w, https:\/\/pzzzsk.rs\/wp-content\/uploads\/2025\/10\/572004943_846015761282111_3864410002891131563_n-300x201.jpg 300w, https:\/\/pzzzsk.rs\/wp-content\/uploads\/2025\/10\/572004943_846015761282111_3864410002891131563_n-1024x687.jpg 1024w, https:\/\/pzzzsk.rs\/wp-content\/uploads\/2025\/10\/572004943_846015761282111_3864410002891131563_n-768x516.jpg 768w\" sizes=\"(max-width: 1439px) 100vw, 1439px\" \/><br \/>\n<\/br><br \/>\n<img decoding=\"async\" class=\"alignnone size-full wp-image-4871\" src=\"https:\/\/pzzzsk.rs\/wp-content\/uploads\/2025\/10\/571278470_846015757948778_7606492618964627886_n.jpg\" alt=\"\" width=\"48%\" height=\"48%\" srcset=\"https:\/\/pzzzsk.rs\/wp-content\/uploads\/2025\/10\/571278470_846015757948778_7606492618964627886_n.jpg 1439w, https:\/\/pzzzsk.rs\/wp-content\/uploads\/2025\/10\/571278470_846015757948778_7606492618964627886_n-300x201.jpg 300w, https:\/\/pzzzsk.rs\/wp-content\/uploads\/2025\/10\/571278470_846015757948778_7606492618964627886_n-1024x687.jpg 1024w, https:\/\/pzzzsk.rs\/wp-content\/uploads\/2025\/10\/571278470_846015757948778_7606492618964627886_n-768x516.jpg 768w\" sizes=\"(max-width: 1439px) 100vw, 1439px\" \/><br \/>\n<img decoding=\"async\" class=\"alignnone size-full wp-image-4868\" src=\"https:\/\/pzzzsk.rs\/wp-content\/uploads\/2025\/10\/571247378_846015754615445_5563313480423487318_n.jpg\" alt=\"\" width=\"48%\" height=\"48%\" srcset=\"https:\/\/pzzzsk.rs\/wp-content\/uploads\/2025\/10\/571247378_846015754615445_5563313480423487318_n.jpg 1439w, https:\/\/pzzzsk.rs\/wp-content\/uploads\/2025\/10\/571247378_846015754615445_5563313480423487318_n-300x201.jpg 300w, https:\/\/pzzzsk.rs\/wp-content\/uploads\/2025\/10\/571247378_846015754615445_5563313480423487318_n-1024x687.jpg 1024w, https:\/\/pzzzsk.rs\/wp-content\/uploads\/2025\/10\/571247378_846015754615445_5563313480423487318_n-768x516.jpg 768w\" sizes=\"(max-width: 1439px) 100vw, 1439px\" \/><br \/>\n<\/br><br \/>\n<img decoding=\"async\" class=\"alignnone size-full wp-image-4865\" src=\"https:\/\/pzzzsk.rs\/wp-content\/uploads\/2025\/10\/560028198_846015767948777_9154281804749498131_n.jpg\" alt=\"\" width=\"48%\" height=\"48%\" srcset=\"https:\/\/pzzzsk.rs\/wp-content\/uploads\/2025\/10\/560028198_846015767948777_9154281804749498131_n.jpg 1439w, https:\/\/pzzzsk.rs\/wp-content\/uploads\/2025\/10\/560028198_846015767948777_9154281804749498131_n-300x201.jpg 300w, https:\/\/pzzzsk.rs\/wp-content\/uploads\/2025\/10\/560028198_846015767948777_9154281804749498131_n-1024x687.jpg 1024w, https:\/\/pzzzsk.rs\/wp-content\/uploads\/2025\/10\/560028198_846015767948777_9154281804749498131_n-768x516.jpg 768w\" sizes=\"(max-width: 1439px) 100vw, 1439px\" \/><\/p>\n","protected":false},"excerpt":{"rendered":"<p>26. oktobra gala ve\u010de zvani\u010dno je otvorilo Ma\u0111arsko-srpsku kulturnu sezonu za 2025\u20132026. godinu, koja \u0107e tokom naredne godine obuhvatiti niz programa, izlo\u017ebi, koncerata i radionica. Cilj ove manifestacije uz niz doga\u0111aja je [&#8230;]  <\/p>\n","protected":false},"author":2,"featured_media":4879,"comment_status":"closed","ping_status":"closed","sticky":false,"template":"","format":"standard","meta":{"_acf_changed":false,"inline_featured_image":false,"footnotes":""},"categories":[51],"tags":[],"class_list":["post-4882","post","type-post","status-publish","format-standard","has-post-thumbnail","hentry","category-aktuelnosti-sr-latn"],"acf":[],"_links":{"self":[{"href":"https:\/\/pzzzsk.rs\/sr-latn\/wp-json\/wp\/v2\/posts\/4882","targetHints":{"allow":["GET"]}}],"collection":[{"href":"https:\/\/pzzzsk.rs\/sr-latn\/wp-json\/wp\/v2\/posts"}],"about":[{"href":"https:\/\/pzzzsk.rs\/sr-latn\/wp-json\/wp\/v2\/types\/post"}],"author":[{"embeddable":true,"href":"https:\/\/pzzzsk.rs\/sr-latn\/wp-json\/wp\/v2\/users\/2"}],"replies":[{"embeddable":true,"href":"https:\/\/pzzzsk.rs\/sr-latn\/wp-json\/wp\/v2\/comments?post=4882"}],"version-history":[{"count":0,"href":"https:\/\/pzzzsk.rs\/sr-latn\/wp-json\/wp\/v2\/posts\/4882\/revisions"}],"wp:featuredmedia":[{"embeddable":true,"href":"https:\/\/pzzzsk.rs\/sr-latn\/wp-json\/wp\/v2\/media\/4879"}],"wp:attachment":[{"href":"https:\/\/pzzzsk.rs\/sr-latn\/wp-json\/wp\/v2\/media?parent=4882"}],"wp:term":[{"taxonomy":"category","embeddable":true,"href":"https:\/\/pzzzsk.rs\/sr-latn\/wp-json\/wp\/v2\/categories?post=4882"},{"taxonomy":"post_tag","embeddable":true,"href":"https:\/\/pzzzsk.rs\/sr-latn\/wp-json\/wp\/v2\/tags?post=4882"}],"curies":[{"name":"wp","href":"https:\/\/api.w.org\/{rel}","templated":true}]}}